{"id":1235,"date":"2022-11-20T15:56:04","date_gmt":"2022-11-20T15:56:04","guid":{"rendered":"https:\/\/laboratorioquintal.org\/?p=1235"},"modified":"2023-03-26T16:40:21","modified_gmt":"2023-03-26T15:40:21","slug":"visoes-etnograficas-vii-edicao-festival-documentaria","status":"publish","type":"post","link":"https:\/\/laboratorioquintal.org\/index.php\/pt\/2022\/11\/20\/visoes-etnograficas-vii-edicao-festival-documentaria\/","title":{"rendered":"VIS\u00d5ES ETNOGR\u00c1FICAS &#8211; VII Edi\u00e7\u00e3o Festival Documentaria"},"content":{"rendered":"<p><span style=\"font-family: 'book antiqua', palatino;\">Quintal renova a sua colabora\u00e7\u00e3o com Documentaria &#8211; Festival Internacional de Cinema Documental Oito dias de eventos dedicados ao cinema da realidade: projec\u00e7\u00f5es, encontros com realizadores, focus e retrospectivas, debates, masterclasses, semin\u00e1rios e dois concursos principais dedicados \u00e0 melhor produ\u00e7\u00e3o documental nacional e estrangeira.<\/span><\/p>\n<p><span style=\"font-family: 'book antiqua', palatino;\">A Associa\u00e7\u00e3o Quintal far\u00e1 a curadoria da sec\u00e7\u00e3o do Festival Visioni Etnografiche (Vis\u00f5es Etnogr\u00e1ficas) dedicada aos filmes de antropologia visual.<\/span><\/p>\n<p><span style=\"font-family: 'book antiqua', palatino;\">Documentaria ter\u00e1 lugar em Palermo, de 3 a 10 de Dezembro, nos Cantieri Culturali alla Zisa.<\/span><br \/>\n<span style=\"font-family: 'book antiqua', palatino;\">Entrada gratuita.<\/span><\/p>\n","protected":false},"excerpt":{"rendered":"<p>Quintal renova a sua colabora\u00e7\u00e3o com Documentaria &#8211; Festival Internacional de Cinema Documental Oito dias de eventos dedicados ao cinema da realidade: projec\u00e7\u00f5es, encontros com realizadores, focus e retrospectivas, debates, masterclasses, semin\u00e1rios e dois concursos principais dedicados \u00e0 melhor produ\u00e7\u00e3o&#8230; <a class=\"more-link\" href=\"https:\/\/laboratorioquintal.org\/index.php\/pt\/2022\/11\/20\/visoes-etnograficas-vii-edicao-festival-documentaria\/\">Continua a leggere &rarr;<\/a><\/p>\n","protected":false},"author":1,"featured_media":1233,"comment_status":"closed","ping_status":"closed","sticky":false,"template":"","format":"standard","meta":{"footnotes":""},"categories":[42],"tags":[],"class_list":["post-1235","post","type-post","status-publish","format-standard","has-post-thumbnail","hentry","category-atividades"],"_links":{"self":[{"href":"https:\/\/laboratorioquintal.org\/index.php\/wp-json\/wp\/v2\/posts\/1235","targetHints":{"allow":["GET"]}}],"collection":[{"href":"https:\/\/laboratorioquintal.org\/index.php\/wp-json\/wp\/v2\/posts"}],"about":[{"href":"https:\/\/laboratorioquintal.org\/index.php\/wp-json\/wp\/v2\/types\/post"}],"author":[{"embeddable":true,"href":"https:\/\/laboratorioquintal.org\/index.php\/wp-json\/wp\/v2\/users\/1"}],"replies":[{"embeddable":true,"href":"https:\/\/laboratorioquintal.org\/index.php\/wp-json\/wp\/v2\/comments?post=1235"}],"version-history":[{"count":2,"href":"https:\/\/laboratorioquintal.org\/index.php\/wp-json\/wp\/v2\/posts\/1235\/revisions"}],"predecessor-version":[{"id":1239,"href":"https:\/\/laboratorioquintal.org\/index.php\/wp-json\/wp\/v2\/posts\/1235\/revisions\/1239"}],"wp:featuredmedia":[{"embeddable":true,"href":"https:\/\/laboratorioquintal.org\/index.php\/wp-json\/wp\/v2\/media\/1233"}],"wp:attachment":[{"href":"https:\/\/laboratorioquintal.org\/index.php\/wp-json\/wp\/v2\/media?parent=1235"}],"wp:term":[{"taxonomy":"category","embeddable":true,"href":"https:\/\/laboratorioquintal.org\/index.php\/wp-json\/wp\/v2\/categories?post=1235"},{"taxonomy":"post_tag","embeddable":true,"href":"https:\/\/laboratorioquintal.org\/index.php\/wp-json\/wp\/v2\/tags?post=1235"}],"curies":[{"name":"wp","href":"https:\/\/api.w.org\/{rel}","templated":true}]}}