{"id":1131,"date":"2022-01-11T18:16:53","date_gmt":"2022-01-11T18:16:53","guid":{"rendered":"https:\/\/laboratorioquintal.org\/?p=1131"},"modified":"2022-01-11T20:56:43","modified_gmt":"2022-01-11T20:56:43","slug":"os-filmes-de-visoes-etnograficas-festival-documentaria","status":"publish","type":"post","link":"https:\/\/laboratorioquintal.org\/index.php\/pt\/2022\/01\/11\/os-filmes-de-visoes-etnograficas-festival-documentaria\/","title":{"rendered":"OS FILMES DE VIS\u00d5ES ETNOGR\u00c1FICAS &#8211; FESTIVAL DOCUMENTARIA"},"content":{"rendered":"<p><strong><span style=\"font-family: 'book antiqua', palatino;\">De 8 a 12 de Novembro no Cinema de Seta, Cantieri Culturali alla Zisa, Palermo.\u00a0 <\/span><\/strong><\/p>\n<p><span style=\"font-family: 'book antiqua', palatino;\">Para maiores informa\u00e7\u00f5es sobre a programa\u00e7\u00e3o, consulte o website do Festival DOCUMENTARIA https:\/\/www.documentaria.it\/ ou siga-nos nas redes sociais.<\/span><\/p>\n<table style=\"border-collapse: collapse; width: 99.6174%; height: 1429px;\">\n<tbody>\n<tr style=\"height: 152px;\">\n<td style=\"width: 50%; height: 152px;\"><span style=\"font-size: 12pt;\"><img decoding=\"async\" class=\"alignleft\" src=\"https:\/\/laboratorioquintal.org\/wp-content\/uploads\/2022\/01\/para-la-dos-meus-passos-300x300.jpeg\" alt=\"\" width=\"213\" height=\"213\" \/><\/span><\/td>\n<td style=\"width: 50%; height: 152px;\">\n<p style=\"text-align: justify;\"><span style=\"font-family: 'book antiqua', palatino; font-size: 12pt;\">\ud835\udde3\ud835\uddee\ud835\uddff\ud835\uddee \ud835\uddf9\ud835\uddee\u0301 \ud835\uddf1\ud835\uddfc\ud835\ude00 \ud835\uddfa\ud835\uddf2\ud835\ude02\ud835\ude00 \ud835\uddfd\ud835\uddee\ud835\ude00\ud835\ude00\ud835\uddfc\ud835\ude00 de Kamy Lara<\/span><\/p>\n<p style=\"text-align: justify;\"><span style=\"font-family: 'book antiqua', palatino; font-size: 12pt;\">Segue o processo de produ\u00e7\u00e3o de &#8220;(Des)constru\u00e7\u00e3o&#8221;, a mais recente actua\u00e7\u00e3o da Companhia de Dan\u00e7a Contempor\u00e2nea Angolana. Durante a cria\u00e7\u00e3o da obra, os bailarinos s\u00e3o levados numa viagem atrav\u00e9s de um conjunto de dan\u00e7as tradicionais angolanas, e as transformam, explorando os conceitos de tradi\u00e7\u00e3o, cultura, mem\u00f3ria, identidade.<\/span><\/p>\n<\/td>\n<\/tr>\n<tr style=\"height: 17px;\">\n<td style=\"width: 50%; height: 17px;\"><span style=\"font-family: 'book antiqua', palatino;\"><img decoding=\"async\" class=\"alignleft\" src=\"https:\/\/laboratorioquintal.org\/wp-content\/uploads\/2022\/01\/guine-bissau-da-memo\u0301ria-ao-futuro-300x300.jpeg\" alt=\"\" width=\"215\" height=\"215\" \/><\/span><\/td>\n<td style=\"width: 50%; height: 17px;\">\n<p style=\"text-align: justify;\"><span style=\"font-family: 'book antiqua', palatino; font-size: 12pt;\">\ud835\uddda\ud835\ude02\ud835\uddf6\ud835\uddfb\ud835\uddf2\u0301-\ud835\uddd5\ud835\uddf6\ud835\ude00\ud835\ude00\ud835\uddee\ud835\ude02: \ud835\uddd7\ud835\uddee \ud835\uddfa\ud835\uddf2\ud835\uddfa\ud835\uddfc\u0301\ud835\uddff\ud835\uddf6\ud835\uddee \ud835\uddee\ud835\uddfc \ud835\uddf3\ud835\ude02\ud835\ude01\ud835\ude02\ud835\uddff\ud835\uddfc de Diana Andringa<\/span><\/p>\n<div class=\"cxmmr5t8 oygrvhab hcukyx3x c1et5uql o9v6fnle ii04i59q\">\n<div dir=\"auto\" style=\"text-align: justify;\">\n<p><span style=\"font-family: 'book antiqua', palatino; font-size: 12pt;\">Filmado inteiramente na Guin\u00e9-Bissau, em Setembro de 2018, em ocasi\u00e3o das celebra\u00e7\u00f5es pelos 45 anos da independ\u00eancia do pa\u00eds, o document\u00e1rio regista os testemunhos de um grupo de acad\u00e9micos de v\u00e1rias nacionalidades, membros da sociedade civil guineense, artistas e combatentes da luta de liberta\u00e7\u00e3o nacional que refletem e debatem as mem\u00f3rias e os legados do passado colonial.\u00a0\u201cGuin\u00e9-Bissau: Da Mem\u00f3ria ao Futuro\u201d percorre uma ampla viagem reflexiva sobre a imagina\u00e7\u00e3o e a constru\u00e7\u00e3o da Guin\u00e9 independente, mostrando-nos, tamb\u00e9m, como a mem\u00f3ria pode servir de instrumento \u00e0 gera\u00e7\u00e3o do presente para a constru\u00e7\u00e3o do futuro.<\/span><\/p>\n<\/div>\n<\/div>\n<\/td>\n<\/tr>\n<tr style=\"height: 17px;\">\n<td style=\"width: 50%; height: 17px;\"><span style=\"font-family: 'book antiqua', palatino;\"><img decoding=\"async\" class=\"alignleft\" src=\"https:\/\/laboratorioquintal.org\/wp-content\/uploads\/2022\/01\/bidon-nac\u0327a\u0303o-ilhe\u0301u-300x300.jpeg\" alt=\"\" width=\"216\" height=\"216\" \/><\/span><\/td>\n<td style=\"width: 50%; height: 17px;\">\n<div dir=\"auto\">\n<p><strong><span style=\"font-family: 'book antiqua', palatino; font-size: 12pt;\">Bidon: Na\u00e7\u00e3o Ilh\u00e9u<\/span><\/strong><span style=\"font-family: 'book antiqua', palatino; font-size: 12pt;\"> de Celeste Fortes e Edson Silva Delgado<\/span><\/p>\n<\/div>\n<div dir=\"auto\">\n<div dir=\"auto\">\n<p style=\"text-align: justify;\"><span style=\"font-family: 'book antiqua', palatino; font-size: 12pt;\">Em Cabo Verde a terra longe \u00e9 romantizada como lugar de abund\u00e2ncia. \u00c9 de l\u00e1 que chegam os Bidons, enviados de diferentes destinos, enchidos a v\u00e1rios ritmos, representando a vit\u00f3ria da emigra\u00e7\u00e3o e personificando a presen\u00e7a daquelxs que tiveram de sair do pa\u00eds. &#8220;Bidon: Na\u00e7\u00e3o Ilh\u00e9u&#8221; costura tr\u00eas est\u00f3rias femininas, expondo a media\u00e7\u00e3o do Bidon, personagem central na vida dos cabo-verdianos, na rela\u00e7\u00e3o entre quem ficou e quem foi.<\/span><\/p>\n<\/div>\n<\/div>\n<\/td>\n<\/tr>\n<tr style=\"height: 17px;\">\n<td style=\"width: 50%; height: 17px;\"><span style=\"font-family: 'book antiqua', palatino; font-size: 12pt;\"><img loading=\"lazy\" decoding=\"async\" class=\"alignleft\" src=\"https:\/\/laboratorioquintal.org\/wp-content\/uploads\/2022\/01\/O-canto-do-ossobo\u0301-300x300.jpeg\" alt=\"\" width=\"212\" height=\"212\" \/><\/span><\/td>\n<td style=\"width: 50%; height: 17px;\">\n<p style=\"text-align: justify;\"><span style=\"font-family: 'book antiqua', palatino; font-size: 12pt;\">\ud835\udde2 \ud835\uddd6\ud835\uddee\ud835\uddfb\ud835\ude01\ud835\uddfc \ud835\uddf1\ud835\uddfc \ud835\udde2\ud835\ude00\ud835\ude00\ud835\uddfc\ud835\uddef\ud835\uddfc\u0301 de Silas Tiny<\/span><\/p>\n<p><em><span style=\"font-family: 'book antiqua', palatino; font-size: 12pt;\">Um dia na Ro\u00e7a Rio do Ouro, um dia na Ro\u00e7a \u00c1gua- Iz\u00e9&#8230;<\/span><\/em><\/p>\n<p style=\"text-align: justify;\"><span style=\"font-size: 12pt; font-family: 'book antiqua', palatino;\">Rio do Ouro e \u00c1gua-Iz\u00e9 foram as maiores ro\u00e7as de produ\u00e7\u00e3o de cacau em S\u00e3o Tom\u00e9 e Pr\u00edncipe durante o per\u00edodo colonial portugu\u00eas. A sua produ\u00e7\u00e3o chegou a ser a maior a n\u00edvel mundial em princ\u00edpios do S\u00e9culo XX. Neste local milhares de homens e mulheres foram marcados por trabalho for\u00e7ado em regime equivalente \u00e0 escravatura. A Ro\u00e7a relembra o poder e dom\u00ednio, injusti\u00e7a e dor. Hoje, a degrada\u00e7\u00e3o alastra pelo espa\u00e7o, colocando em risco de extin\u00e7\u00e3o a mem\u00f3ria colectiva santomense. em risco de extin\u00e7\u00e3o. Passados trinta anos de aus\u00eancia, regresso ao meu pa\u00eds e a este lugar para encontrar os vest\u00edgios desse passado&#8221;.<\/span><\/p>\n<\/td>\n<\/tr>\n<tr style=\"height: 17px;\">\n<td style=\"width: 50%; height: 17px;\"><span style=\"font-family: 'book antiqua', palatino;\"><img loading=\"lazy\" decoding=\"async\" class=\"alignleft\" src=\"https:\/\/laboratorioquintal.org\/wp-content\/uploads\/2021\/11\/uma-memoria-em-tres-atos-300x300.jpeg\" alt=\"\" width=\"215\" height=\"215\" \/><\/span><\/td>\n<td style=\"width: 50%; height: 17px;\">\n<div dir=\"auto\">\n<div dir=\"auto\">\n<p style=\"text-align: justify;\"><span style=\"font-family: 'book antiqua', palatino; font-size: 12pt;\"><strong>Uma mem\u00f3ria em tr\u00eas atos<\/strong> de Inadelso Cossa<\/span><\/p>\n<div class=\"cxmmr5t8 oygrvhab hcukyx3x c1et5uql o9v6fnle ii04i59q\">\n<div dir=\"auto\" style=\"text-align: justify;\">\n<p><span style=\"font-family: 'book antiqua', palatino; font-size: 12pt;\">\u00c9 um filme sobre o trauma p\u00f3s- colonial e a crise da mem\u00f3ria colectiva onde personagens an\u00f3nimos fazem uma jornada ao seu passado colonial para curar essa ferida aberta, ex prisioneiros pol\u00edticos que decidem voltar ao local onde eram torturados para confrontar o fantasma colonial e curar o seu trauma p\u00f3s tortura. Um filme- ensaio sobre colonialismo e a viol\u00eancia, do ponto de vista de autor, para questionar o dever de memoria.<\/span><\/p>\n<\/div>\n<\/div>\n<\/div>\n<\/div>\n<\/td>\n<\/tr>\n<\/tbody>\n<\/table>\n","protected":false},"excerpt":{"rendered":"<p>De 8 a 12 de Novembro no Cinema de Seta, Cantieri Culturali alla Zisa, Palermo.\u00a0 Para maiores informa\u00e7\u00f5es sobre a programa\u00e7\u00e3o, consulte o website do Festival DOCUMENTARIA https:\/\/www.documentaria.it\/ ou siga-nos nas redes sociais. \ud835\udde3\ud835\uddee\ud835\uddff\ud835\uddee \ud835\uddf9\ud835\uddee\u0301 \ud835\uddf1\ud835\uddfc\ud835\ude00 \ud835\uddfa\ud835\uddf2\ud835\ude02\ud835\ude00 \ud835\uddfd\ud835\uddee\ud835\ude00\ud835\ude00\ud835\uddfc\ud835\ude00 de Kamy&#8230; <a class=\"more-link\" href=\"https:\/\/laboratorioquintal.org\/index.php\/pt\/2022\/01\/11\/os-filmes-de-visoes-etnograficas-festival-documentaria\/\">Continua a leggere &rarr;<\/a><\/p>\n","protected":false},"author":1,"featured_media":0,"comment_status":"closed","ping_status":"closed","sticky":false,"template":"","format":"standard","meta":{"footnotes":""},"categories":[42],"tags":[125],"class_list":["post-1131","post","type-post","status-publish","format-standard","hentry","category-atividades","tag-documentaria-visoes-etnograficas"],"_links":{"self":[{"href":"https:\/\/laboratorioquintal.org\/index.php\/wp-json\/wp\/v2\/posts\/1131","targetHints":{"allow":["GET"]}}],"collection":[{"href":"https:\/\/laboratorioquintal.org\/index.php\/wp-json\/wp\/v2\/posts"}],"about":[{"href":"https:\/\/laboratorioquintal.org\/index.php\/wp-json\/wp\/v2\/types\/post"}],"author":[{"embeddable":true,"href":"https:\/\/laboratorioquintal.org\/index.php\/wp-json\/wp\/v2\/users\/1"}],"replies":[{"embeddable":true,"href":"https:\/\/laboratorioquintal.org\/index.php\/wp-json\/wp\/v2\/comments?post=1131"}],"version-history":[{"count":12,"href":"https:\/\/laboratorioquintal.org\/index.php\/wp-json\/wp\/v2\/posts\/1131\/revisions"}],"predecessor-version":[{"id":1143,"href":"https:\/\/laboratorioquintal.org\/index.php\/wp-json\/wp\/v2\/posts\/1131\/revisions\/1143"}],"wp:attachment":[{"href":"https:\/\/laboratorioquintal.org\/index.php\/wp-json\/wp\/v2\/media?parent=1131"}],"wp:term":[{"taxonomy":"category","embeddable":true,"href":"https:\/\/laboratorioquintal.org\/index.php\/wp-json\/wp\/v2\/categories?post=1131"},{"taxonomy":"post_tag","embeddable":true,"href":"https:\/\/laboratorioquintal.org\/index.php\/wp-json\/wp\/v2\/tags?post=1131"}],"curies":[{"name":"wp","href":"https:\/\/api.w.org\/{rel}","templated":true}]}}